{"id":66588,"date":"2021-07-03T05:19:03","date_gmt":"2021-07-03T12:19:03","guid":{"rendered":"http:\/\/www.spiritofbosnia.org\/?p=66588"},"modified":"2021-10-30T07:32:28","modified_gmt":"2021-10-30T14:32:28","slug":"rest-2","status":"publish","type":"post","link":"https:\/\/www.spiritofbosnia.org\/bs\/volume-16-no-3-2021july\/rest-2\/","title":{"rendered":"Odmor Du\u0161e"},"content":{"rendered":"<p>Ona pla\u010de kad niko ne gleda<br \/>\nOna osjeti dubok pritisak u prsima<br \/>\nOna se nada da je blizu kraj<br \/>\nOna pla\u010de kad niko ne gleda<br \/>\nNjen otac, ad\u017eo, i ro\u0111aci jo\u0161 nisu prona\u0111eni.<\/p>\n<p>Ispod daha pri\u010da sa ocem kojeg se ne sje\u0107a,<br \/>\nSa ad\u017eom koji bi je razmazio da je pre\u017eivio,<br \/>\nSa ro\u0111acima koji bi je \u0161titili<\/p>\n<p>Ona pri\u010da:<\/p>\n<blockquote><p>Nije jasno meni ko ni vama<br \/>\nZa\u0161to 11. jula \u201895<br \/>\n8,372 vas poginu.<\/p>\n<p>Godinama imena va\u0161a spominjemo,<br \/>\nGodinama smo se pitali gdje ste.<br \/>\nKad god rije\u010d je do\u0161la:<br \/>\nJo\u0161 jedna masovna grobnica je prona\u0111ena.<br \/>\nImala sam malu nadu,<br \/>\nMalu nadu da spustim va\u0161a tijela da se odmarate.<\/p>\n<p>Mnogi su zakopali svoje voljene<br \/>\nTi si bio u grupi nepoznatih mu\u0161karaca<br \/>\nDanas ja stojim, suze \u0107u pustiti i ne\u0107u ih kriti<br \/>\nMoj otac, ad\u017eo, i ro\u0111aci su identifikovani.<br \/>\nMnogi \u0107e biti sahranjeni<br \/>\nJedan dan srest \u0107emo se na ahiretu.<\/p>\n<p>Odmarajte svoje du\u0161e moji o\u010devi, ad\u017ee, i ro\u0111aci.<br \/>\nOdmarajte svoje du\u0161e u svom domu, u malom gradu imena Srebrenica.<\/p><\/blockquote>\n<p>Almedina Ali\u0107u\u0161i\u0107-Merzihi\u0107<\/p>\n<p style=\"text-align: right;\"><span class=\"Y2IQFc\" lang=\"bs\">Prethodno objavljeno: <\/span><a href=\"https:\/\/www.spiritofbosnia.org\/bs\/category\/volume-11-no-1-2016january\/\">Svezak 11 Br. 1 (2016): Januar<\/a><\/p>\n<p><\/p>","protected":false},"excerpt":{"rendered":"<p>Ona pla\u010de kad niko ne gleda Ona osjeti dubok pritisak u prsima Ona se nada da je blizu kraj Ona pla\u010de kad niko ne gleda Njen otac, ad\u017eo, i ro\u0111aci jo\u0161 nisu prona\u0111eni. Ispod daha pri\u010da sa ocem kojeg se ne sje\u0107a, Sa ad\u017eom koji bi je razmazio da je pre\u017eivio, Sa ro\u0111acima koji bi je \u0161titili Ona pri\u010da: Nije&nbsp; [<a href=\"https:\/\/www.spiritofbosnia.org\/bs\/volume-16-no-3-2021july\/rest-2\/\">&hellip;<\/a>]<\/p>\n","protected":false},"author":2,"featured_media":0,"comment_status":"closed","ping_status":"closed","sticky":false,"template":"","format":"standard","meta":{"_exactmetrics_skip_tracking":false,"_exactmetrics_sitenote_active":false,"_exactmetrics_sitenote_note":"","_exactmetrics_sitenote_category":0,"ngg_post_thumbnail":0,"footnotes":""},"categories":[330],"tags":[],"class_list":["post-66588","post","type-post","status-publish","format-standard","hentry","category-volume-16-no-3-2021july","contributor-almedina-alicusic-merzihic","volume-16-no-3-2021july"],"_links":{"self":[{"href":"https:\/\/www.spiritofbosnia.org\/bs\/wp-json\/wp\/v2\/posts\/66588","targetHints":{"allow":["GET"]}}],"collection":[{"href":"https:\/\/www.spiritofbosnia.org\/bs\/wp-json\/wp\/v2\/posts"}],"about":[{"href":"https:\/\/www.spiritofbosnia.org\/bs\/wp-json\/wp\/v2\/types\/post"}],"author":[{"embeddable":true,"href":"https:\/\/www.spiritofbosnia.org\/bs\/wp-json\/wp\/v2\/users\/2"}],"replies":[{"embeddable":true,"href":"https:\/\/www.spiritofbosnia.org\/bs\/wp-json\/wp\/v2\/comments?post=66588"}],"version-history":[{"count":5,"href":"https:\/\/www.spiritofbosnia.org\/bs\/wp-json\/wp\/v2\/posts\/66588\/revisions"}],"predecessor-version":[{"id":66617,"href":"https:\/\/www.spiritofbosnia.org\/bs\/wp-json\/wp\/v2\/posts\/66588\/revisions\/66617"}],"wp:attachment":[{"href":"https:\/\/www.spiritofbosnia.org\/bs\/wp-json\/wp\/v2\/media?parent=66588"}],"wp:term":[{"taxonomy":"category","embeddable":true,"href":"https:\/\/www.spiritofbosnia.org\/bs\/wp-json\/wp\/v2\/categories?post=66588"},{"taxonomy":"post_tag","embeddable":true,"href":"https:\/\/www.spiritofbosnia.org\/bs\/wp-json\/wp\/v2\/tags?post=66588"}],"curies":[{"name":"wp","href":"https:\/\/api.w.org\/{rel}","templated":true}]}}