{"id":2884,"date":"2014-07-17T05:41:38","date_gmt":"2014-07-17T12:41:38","guid":{"rendered":"http:\/\/www.spiritofbosnia.org\/?p=2884"},"modified":"2014-10-04T10:19:16","modified_gmt":"2014-10-04T17:19:16","slug":"memories","status":"publish","type":"post","link":"https:\/\/www.spiritofbosnia.org\/bs\/volume-9-no-3-2014july\/memories\/","title":{"rendered":"SJE\u0106ANJE"},"content":{"rendered":"<p>Sje\u0107anje, kamenje pro\u0161losti<br \/>\nu temelju nepomi\u010dni<br \/>\ngrade nas za vje\u010dnost<\/p>\n<p>Sje\u0107anja, ptice sjevera<br \/>\notvore vrata tame,<br \/>\notvore vrata svjetla,<br \/>\ni ponovo odlete na jug<\/p>\n<p>Sje\u0107anje \u0161areni \u0107ilimi<br \/>\nistkani nitima pau\u010dine<br \/>\nrasprostrte za let,<br \/>\nza let,<br \/>\nza let od temelja.<\/p>","protected":false},"excerpt":{"rendered":"<p>Sje\u0107anje, kamenje pro\u0161losti u temelju nepomi\u010dni grade nas za vje\u010dnost Sje\u0107anja, ptice sjevera otvore vrata tame, otvore vrata svjetla, i ponovo odlete na jug Sje\u0107anje \u0161areni \u0107ilimi istkani nitima pau\u010dine rasprostrte za let, za let, za let od temelja.<\/p>\n","protected":false},"author":2,"featured_media":0,"comment_status":"closed","ping_status":"closed","sticky":false,"template":"","format":"standard","meta":{"_exactmetrics_skip_tracking":false,"_exactmetrics_sitenote_active":false,"_exactmetrics_sitenote_note":"","_exactmetrics_sitenote_category":0,"ngg_post_thumbnail":0,"footnotes":""},"categories":[207],"tags":[],"class_list":["post-2884","post","type-post","status-publish","format-standard","hentry","category-volume-9-no-3-2014july","contributor-rada-bjeljac","volume-9-no-3-2014july"],"_links":{"self":[{"href":"https:\/\/www.spiritofbosnia.org\/bs\/wp-json\/wp\/v2\/posts\/2884","targetHints":{"allow":["GET"]}}],"collection":[{"href":"https:\/\/www.spiritofbosnia.org\/bs\/wp-json\/wp\/v2\/posts"}],"about":[{"href":"https:\/\/www.spiritofbosnia.org\/bs\/wp-json\/wp\/v2\/types\/post"}],"author":[{"embeddable":true,"href":"https:\/\/www.spiritofbosnia.org\/bs\/wp-json\/wp\/v2\/users\/2"}],"replies":[{"embeddable":true,"href":"https:\/\/www.spiritofbosnia.org\/bs\/wp-json\/wp\/v2\/comments?post=2884"}],"version-history":[{"count":14,"href":"https:\/\/www.spiritofbosnia.org\/bs\/wp-json\/wp\/v2\/posts\/2884\/revisions"}],"predecessor-version":[{"id":2953,"href":"https:\/\/www.spiritofbosnia.org\/bs\/wp-json\/wp\/v2\/posts\/2884\/revisions\/2953"}],"wp:attachment":[{"href":"https:\/\/www.spiritofbosnia.org\/bs\/wp-json\/wp\/v2\/media?parent=2884"}],"wp:term":[{"taxonomy":"category","embeddable":true,"href":"https:\/\/www.spiritofbosnia.org\/bs\/wp-json\/wp\/v2\/categories?post=2884"},{"taxonomy":"post_tag","embeddable":true,"href":"https:\/\/www.spiritofbosnia.org\/bs\/wp-json\/wp\/v2\/tags?post=2884"}],"curies":[{"name":"wp","href":"https:\/\/api.w.org\/{rel}","templated":true}]}}