{"id":2755,"date":"2014-04-15T13:07:58","date_gmt":"2014-04-15T20:07:58","guid":{"rendered":"http:\/\/www.spiritofbosnia.org\/?p=2755"},"modified":"2014-07-24T06:04:39","modified_gmt":"2014-07-24T13:04:39","slug":"id-prefer","status":"publish","type":"post","link":"https:\/\/www.spiritofbosnia.org\/bs\/volume-9-no-2-2014april\/id-prefer\/","title":{"rendered":"RADIJE BIH"},"content":{"rendered":"<p><\/p>\n<p style=\"text-align: left;\">Radije bih da gledam<br \/>\nodu\u0161evljena<br \/>\nkako vrana znala\u010dki skrha orah<br \/>\n<em>(tu skrivenu su\u0161tinu do koje se sti\u017ee jedino<\/em><br \/>\n<em>razaranjem svijeta!)<\/em><br \/>\nispustiv\u0161i ga iz kljuna s visine<br \/>\niznad gradske raskrsnice<br \/>\na onda \u010deka da pro\u0111u ti dosadni automobili<br \/>\npa da s mirom jede<\/p>\n<p style=\"text-align: left;\">Radije bih da u ba\u0161ti Zemaljskog muzeja<br \/>\n\u0161to prije mogu\u0107e<br \/>\nu objektiv foto-aparata uhvatim<br \/>\ndeset kvadrata ka\u0107una nevjerovatnih<br \/>\nkoji \u0107e tu biti<br \/>\ntek nekoliko jutara<br \/>\njutara u koja ih ne vide oni<br \/>\n\u0161to tr\u010de za vla\u0161\u0107u, slavom ili kruhom<\/p>\n<p style=\"text-align: left;\">Radije bih<br \/>\nda s toplim francuskim pecivom i mirisnom<br \/>\nkafom pored izloga svog malog gradskog pribje\u017ei\u0161ta<br \/>\nmislim o tome kako \u0107u slike sa \u0161afranima<br \/>\nposlati svijetu<br \/>\nako ga ujutro uop\u0161te bude<\/p>\n<p style=\"text-align: left;\">Radije bih<br \/>\nda glavu zabijem u zemlju koja me ionako \u010deka<br \/>\nda s krticama potra\u017eim gomolje \u0161afrana<br \/>\nda ih zamolim neka potraju du\u017ee ove tu\u017ene godine<\/p>\n<p style=\"text-align: left;\">Jer napolju se odvija drevna drama<br \/>\n<em>Me\u0111u zava\u0111enim narodima:<\/em><br \/>\nKome \u0107e pripasti vlast i \u010dast<br \/>\nKome \u0107e krv i tlo<br \/>\nKo \u0107e pisati historiju<br \/>\nKoga \u0107e uhapsiti i tu\u0107i dok ne prizna sve \u0161to ne zna<br \/>\nKoga \u0107e ubiti i baciti u jarak pored puta u nekoj dalekoj zemlji<\/p>\n<p style=\"text-align: left;\">Radije bih<br \/>\nAli moram<br \/>\nodmah na ulicu, u razjarenu masu da stanem<br \/>\nrame uz rame s onim koje ne znam i s kojim nemam ni\u0161ta<br \/>\nzajedni\u010dko osim ove zemlje lijepe i uboge<\/p>\n<p style=\"text-align: left;\">Eto, stojim tamo i treba da to opjevam odu\u0161evljenim pjesmama<\/p>\n<p style=\"text-align: left;\">A kako opjevati One Gore<br \/>\nKoji pljuju po Onim Dolje<br \/>\nDok se kolo odo sre\u0107e ne zavrti<br \/>\nIznova<br \/>\nZa koji sat?<\/p>\n<p style=\"text-align: left;\"><em>Sarajevo, 11. februar 2014.<\/em><\/p>\n<p><\/p>","protected":false},"excerpt":{"rendered":"<p>Radije bih da gledam odu\u0161evljena kako vrana znala\u010dki skrha orah (tu skrivenu su\u0161tinu do koje se sti\u017ee jedino razaranjem svijeta!) ispustiv\u0161i ga iz kljuna s visine iznad gradske raskrsnice a onda \u010deka da pro\u0111u ti dosadni automobili pa da s mirom jede Radije bih da u ba\u0161ti Zemaljskog muzeja \u0161to prije mogu\u0107e u objektiv foto-aparata uhvatim deset kvadrata ka\u0107una nevjerovatnih&nbsp; [<a href=\"https:\/\/www.spiritofbosnia.org\/bs\/volume-9-no-2-2014april\/id-prefer\/\">&hellip;<\/a>]<\/p>\n","protected":false},"author":2,"featured_media":0,"comment_status":"closed","ping_status":"closed","sticky":false,"template":"","format":"standard","meta":{"_exactmetrics_skip_tracking":false,"_exactmetrics_sitenote_active":false,"_exactmetrics_sitenote_note":"","_exactmetrics_sitenote_category":0,"ngg_post_thumbnail":0,"footnotes":""},"categories":[198],"tags":[],"class_list":["post-2755","post","type-post","status-publish","format-standard","hentry","category-volume-9-no-2-2014april","contributor-ferida-durakovic","volume-9-no-2-2014april"],"_links":{"self":[{"href":"https:\/\/www.spiritofbosnia.org\/bs\/wp-json\/wp\/v2\/posts\/2755","targetHints":{"allow":["GET"]}}],"collection":[{"href":"https:\/\/www.spiritofbosnia.org\/bs\/wp-json\/wp\/v2\/posts"}],"about":[{"href":"https:\/\/www.spiritofbosnia.org\/bs\/wp-json\/wp\/v2\/types\/post"}],"author":[{"embeddable":true,"href":"https:\/\/www.spiritofbosnia.org\/bs\/wp-json\/wp\/v2\/users\/2"}],"replies":[{"embeddable":true,"href":"https:\/\/www.spiritofbosnia.org\/bs\/wp-json\/wp\/v2\/comments?post=2755"}],"version-history":[{"count":9,"href":"https:\/\/www.spiritofbosnia.org\/bs\/wp-json\/wp\/v2\/posts\/2755\/revisions"}],"predecessor-version":[{"id":2867,"href":"https:\/\/www.spiritofbosnia.org\/bs\/wp-json\/wp\/v2\/posts\/2755\/revisions\/2867"}],"wp:attachment":[{"href":"https:\/\/www.spiritofbosnia.org\/bs\/wp-json\/wp\/v2\/media?parent=2755"}],"wp:term":[{"taxonomy":"category","embeddable":true,"href":"https:\/\/www.spiritofbosnia.org\/bs\/wp-json\/wp\/v2\/categories?post=2755"},{"taxonomy":"post_tag","embeddable":true,"href":"https:\/\/www.spiritofbosnia.org\/bs\/wp-json\/wp\/v2\/tags?post=2755"}],"curies":[{"name":"wp","href":"https:\/\/api.w.org\/{rel}","templated":true}]}}