{"id":1054,"date":"2011-09-30T03:07:49","date_gmt":"2011-09-30T01:07:49","guid":{"rendered":"http:\/\/www.spiritofbosnia.org\/?p=1054"},"modified":"2012-01-17T13:00:19","modified_gmt":"2012-01-17T12:00:19","slug":"awakening","status":"publish","type":"post","link":"https:\/\/www.spiritofbosnia.org\/bs\/volume-6-no-4-2011-october\/awakening\/","title":{"rendered":"Bu\u0111enje"},"content":{"rendered":"<p>                                               <\/p>\n<ul>\n <em>Miloradu Peji\u0107u<\/em><\/ul>\n<p>Ustajem iz kreveta &#8211;<br \/>\nprvi korak u novi dan<br \/>\ni tijelo za\u010das preplavi sjeta<br \/>\n\u010dim se dotakne zemlje,<br \/>\nstrese se i zacvili kao avion<br \/>\nu osun\u010dano zimsko poslijepodne<br \/>\nu trenutku slijetanja,<br \/>\nkad ga na pisti poljubi vlastita sjena. <\/p>\n<p><em>\u00a9 2011 Sa\u0161a Skenderija<br \/>\nRT DOBRE NADE (Te\u0161anj, Bosnia and Herzegovina: Grafik-komerc Te\u0161anj 2011)<\/em><\/p>","protected":false},"excerpt":{"rendered":"<p>Miloradu Peji\u0107u Ustajem iz kreveta &#8211; prvi korak u novi dan i tijelo za\u010das preplavi sjeta \u010dim se dotakne zemlje, strese se i zacvili kao avion u osun\u010dano zimsko poslijepodne u trenutku slijetanja, kad ga na pisti poljubi vlastita sjena. \u00a9 2011 Sa\u0161a Skenderija RT DOBRE NADE (Te\u0161anj, Bosnia and Herzegovina: Grafik-komerc Te\u0161anj 2011)<\/p>\n","protected":false},"author":2,"featured_media":0,"comment_status":"open","ping_status":"open","sticky":false,"template":"","format":"standard","meta":{"_exactmetrics_skip_tracking":false,"_exactmetrics_sitenote_active":false,"_exactmetrics_sitenote_note":"","_exactmetrics_sitenote_category":0,"ngg_post_thumbnail":0,"footnotes":""},"categories":[143],"tags":[],"class_list":["post-1054","post","type-post","status-publish","format-standard","hentry","category-volume-6-no-4-2011-october","contributor-sasa-skenderija","volume-6-no-4-2011-october"],"_links":{"self":[{"href":"https:\/\/www.spiritofbosnia.org\/bs\/wp-json\/wp\/v2\/posts\/1054","targetHints":{"allow":["GET"]}}],"collection":[{"href":"https:\/\/www.spiritofbosnia.org\/bs\/wp-json\/wp\/v2\/posts"}],"about":[{"href":"https:\/\/www.spiritofbosnia.org\/bs\/wp-json\/wp\/v2\/types\/post"}],"author":[{"embeddable":true,"href":"https:\/\/www.spiritofbosnia.org\/bs\/wp-json\/wp\/v2\/users\/2"}],"replies":[{"embeddable":true,"href":"https:\/\/www.spiritofbosnia.org\/bs\/wp-json\/wp\/v2\/comments?post=1054"}],"version-history":[{"count":18,"href":"https:\/\/www.spiritofbosnia.org\/bs\/wp-json\/wp\/v2\/posts\/1054\/revisions"}],"predecessor-version":[{"id":1366,"href":"https:\/\/www.spiritofbosnia.org\/bs\/wp-json\/wp\/v2\/posts\/1054\/revisions\/1366"}],"wp:attachment":[{"href":"https:\/\/www.spiritofbosnia.org\/bs\/wp-json\/wp\/v2\/media?parent=1054"}],"wp:term":[{"taxonomy":"category","embeddable":true,"href":"https:\/\/www.spiritofbosnia.org\/bs\/wp-json\/wp\/v2\/categories?post=1054"},{"taxonomy":"post_tag","embeddable":true,"href":"https:\/\/www.spiritofbosnia.org\/bs\/wp-json\/wp\/v2\/tags?post=1054"}],"curies":[{"name":"wp","href":"https:\/\/api.w.org\/{rel}","templated":true}]}}